{"id":719,"date":"2026-03-27T15:51:00","date_gmt":"2026-03-27T15:51:00","guid":{"rendered":"https:\/\/www.kusysuchan.pl\/?p=719"},"modified":"2026-04-06T20:17:47","modified_gmt":"2026-04-06T20:17:47","slug":"druzyna-starszych-dziewczat-w-czolowce-wojewodztwa","status":"publish","type":"post","link":"https:\/\/www.kusysuchan.pl\/index.php\/2026\/03\/27\/druzyna-starszych-dziewczat-w-czolowce-wojewodztwa\/","title":{"rendered":"Dru\u017cyna starszych dziewcz\u0105t w czo\u0142\u00f3wce wojew\u00f3dztwa!"},"content":{"rendered":"\n<p>Do walki o tytu\u0142 najlepszej dru\u017cyny szkolnej wojew\u00f3dztwa zachodniopomorskiego (Bierzwnik, 27 marca 2026 r.) przyst\u0105pi\u0142o 8 dziewcz\u0119cych zespo\u0142\u00f3w z czterech region\u00f3w. O tytu\u0142 mistrzowski rywalizowa\u0142y reprezentacje z nast\u0119puj\u0105cych miejscowo\u015bci: Szczecin, Po\u0142czyn, Goleni\u00f3w, Sucha\u0144, Trzebiat\u00f3w, Niemica, Swobnica i Bierzwnik. Nasza dru\u017cyna po wygranej ze Swobnic\u0105 (3:1), remisie z Niemic\u0105 (2:2) i pora\u017cce z Goleniowem (0:2) zaj\u0119\u0142a V-VIII miejsce w wojew\u00f3dztwie. Aspiracje by\u0142y wy\u017csze, ale absencja zawodniczki od lat graj\u0105cej na obronie znacznie os\u0142abi\u0142a dru\u017cyn\u0119. Nasz\u0105 Szko\u0142\u0119 reprezentowa\u0142y: Nell Gudewicz, Zuzanna Fijo\u0142, Nadia W\u00f3jcik, Wiktoria Wis\u0142ocka, Zuzanna Bronisz, Adrianna Hope, Daria Sk\u00f3rka, Julia G\u00f3rna i Nikola Koz\u0142owska.<br><a href=\"https:\/\/photos.app.goo.gl\/yGf7nCMumoC8Nwe18\">Zdj\u0119cia z Fina\u0142u Wojew\u00f3dzkiego w Bierzwniku dost\u0119pne tutaj [klik].<\/a><\/p>\n\n\n\n<p><\/p>\n","protected":false},"excerpt":{"rendered":"<p>Do walki o tytu\u0142 najlepszej dru\u017cyny szkolnej wojew\u00f3dztwa zachodniopomorskiego (Bierzwnik, 27 marca 2026 r.) przyst\u0105pi\u0142o 8 dziewcz\u0119cych zespo\u0142\u00f3w z czterech region\u00f3w. O tytu\u0142 mistrzowski rywalizowa\u0142y reprezentacje z nast\u0119puj\u0105cych miejscowo\u015bci: Szczecin, Po\u0142czyn, Goleni\u00f3w, Sucha\u0144, Trzebiat\u00f3w, Niemica, Swobnica i Bierzwnik. Nasza dru\u017cyna po wygranej ze Swobnic\u0105 (3:1), remisie z Niemic\u0105 (2:2) i pora\u017cce z Goleniowem (0:2) zaj\u0119\u0142a&hellip;&nbsp;<a href=\"https:\/\/www.kusysuchan.pl\/index.php\/2026\/03\/27\/druzyna-starszych-dziewczat-w-czolowce-wojewodztwa\/\" rel=\"bookmark\">Dowiedz si\u0119 wi\u0119cej &raquo;<span class=\"screen-reader-text\">Dru\u017cyna starszych dziewcz\u0105t w czo\u0142\u00f3wce wojew\u00f3dztwa!<\/span><\/a><\/p>\n","protected":false},"author":1,"featured_media":720,"comment_status":"open","ping_status":"open","sticky":false,"template":"","format":"standard","meta":{"neve_meta_sidebar":"","neve_meta_container":"","neve_meta_enable_content_width":"","neve_meta_content_width":0,"neve_meta_title_alignment":"","neve_meta_author_avatar":"","neve_post_elements_order":"","neve_meta_disable_header":"","neve_meta_disable_footer":"","neve_meta_disable_title":"","footnotes":""},"categories":[3],"tags":[],"class_list":["post-719","post","type-post","status-publish","format-standard","has-post-thumbnail","hentry","category-aktualnosci"],"_links":{"self":[{"href":"https:\/\/www.kusysuchan.pl\/index.php\/wp-json\/wp\/v2\/posts\/719","targetHints":{"allow":["GET"]}}],"collection":[{"href":"https:\/\/www.kusysuchan.pl\/index.php\/wp-json\/wp\/v2\/posts"}],"about":[{"href":"https:\/\/www.kusysuchan.pl\/index.php\/wp-json\/wp\/v2\/types\/post"}],"author":[{"embeddable":true,"href":"https:\/\/www.kusysuchan.pl\/index.php\/wp-json\/wp\/v2\/users\/1"}],"replies":[{"embeddable":true,"href":"https:\/\/www.kusysuchan.pl\/index.php\/wp-json\/wp\/v2\/comments?post=719"}],"version-history":[{"count":5,"href":"https:\/\/www.kusysuchan.pl\/index.php\/wp-json\/wp\/v2\/posts\/719\/revisions"}],"predecessor-version":[{"id":729,"href":"https:\/\/www.kusysuchan.pl\/index.php\/wp-json\/wp\/v2\/posts\/719\/revisions\/729"}],"wp:featuredmedia":[{"embeddable":true,"href":"https:\/\/www.kusysuchan.pl\/index.php\/wp-json\/wp\/v2\/media\/720"}],"wp:attachment":[{"href":"https:\/\/www.kusysuchan.pl\/index.php\/wp-json\/wp\/v2\/media?parent=719"}],"wp:term":[{"taxonomy":"category","embeddable":true,"href":"https:\/\/www.kusysuchan.pl\/index.php\/wp-json\/wp\/v2\/categories?post=719"},{"taxonomy":"post_tag","embeddable":true,"href":"https:\/\/www.kusysuchan.pl\/index.php\/wp-json\/wp\/v2\/tags?post=719"}],"curies":[{"name":"wp","href":"https:\/\/api.w.org\/{rel}","templated":true}]}}