{"id":651,"date":"2025-12-07T11:46:54","date_gmt":"2025-12-07T11:46:54","guid":{"rendered":"https:\/\/www.kusysuchan.pl\/?p=651"},"modified":"2026-01-08T19:43:35","modified_gmt":"2026-01-08T19:43:35","slug":"sukcesy-pilkarek-recznych","status":"publish","type":"post","link":"https:\/\/www.kusysuchan.pl\/index.php\/2025\/12\/07\/sukcesy-pilkarek-recznych\/","title":{"rendered":"Sukcesy pi\u0142karek r\u0119cznych z Suchania!"},"content":{"rendered":"\n<p>Po wielu latach przerwy nasze szczypiornistki wr\u00f3ci\u0142y do rywalizacji na arenie mi\u0119dzyszkolnej. W rozgrywanych w Stargardzie <strong>Mistrzostwach Powiatu w Pi\u0142ce R\u0119cznej<\/strong> (w ramach <strong>Igrzysk Dzieci<\/strong> &#8211; 01.12.2025r. i w ramach <strong>Igrzysk M\u0142odzie\u017cy Szkolne<\/strong>j &#8211; 05.12.2025r.) nasze dziewcz\u0119ce reprezentacje zaj\u0119\u0142y miejsca w czo\u0142\u00f3wce. M\u0142odsza dru\u017cyna wywalczy\u0142 III miejsce, nieznacznie ust\u0119puj\u0105c reprezentacjom ze stargardzkiej SP nr11 i z SP Rzeplino. Nasza reprezentacja: Amelia Bernatowska, Wiktoria Bronisz, Hanna Kocewa, Lena Kubera, Oliwia W\u0119grzyn, Amelia Janas, Michalina Wr\u00f3bel, Antonina Korzeniecka, Nikola Gryczkowska, Hanna Sieracka, Nadia Barszcz, Karolina Fijo\u0142, Nela Wr\u00f3bel, Zofia Jaworska i Oliwia Kaczmarek.<\/p>\n\n\n\n<p>Dru\u017cyna starszych dziewcz\u0105t w walce o fina\u0142, po licznych seriach rzut\u00f3w karnych, uleg\u0142a stargardzkiej SP nr6 i ostatecznie zaj\u0119\u0142a IV miejsce. W naszej reprezentacji gra\u0142y: Zuzanna Bronisz, Julia Chatkowska, Zuzanna Fijo\u0142, Julia G\u00f3rna, Nell Gudewicz, Adrianna Hope, Nikola Koz\u0142owska, Daria Laszczak, Daria Sk\u00f3rka, Julia Sk\u00f3rka, Ewa Szalewicz, Wiktoria Wis\u0142ocka i Nadia W\u00f3jcik.<\/p>\n\n\n\n<p><a href=\"https:\/\/photos.app.goo.gl\/enmdFWKgmHcbueAK8\">Zdj\u0119cia dokumentuj\u0105ce rywalizacj\u0119 znajdziesz tutaj [klik].<\/a><\/p>\n\n\n\n<p><\/p>\n","protected":false},"excerpt":{"rendered":"<p>Po wielu latach przerwy nasze szczypiornistki wr\u00f3ci\u0142y do rywalizacji na arenie mi\u0119dzyszkolnej. W rozgrywanych w Stargardzie Mistrzostwach Powiatu w Pi\u0142ce R\u0119cznej (w ramach Igrzysk Dzieci &#8211; 01.12.2025r. i w ramach Igrzysk M\u0142odzie\u017cy Szkolnej &#8211; 05.12.2025r.) nasze dziewcz\u0119ce reprezentacje zaj\u0119\u0142y miejsca w czo\u0142\u00f3wce. M\u0142odsza dru\u017cyna wywalczy\u0142 III miejsce, nieznacznie ust\u0119puj\u0105c reprezentacjom ze stargardzkiej SP nr11 i&hellip;&nbsp;<a href=\"https:\/\/www.kusysuchan.pl\/index.php\/2025\/12\/07\/sukcesy-pilkarek-recznych\/\" rel=\"bookmark\">Dowiedz si\u0119 wi\u0119cej &raquo;<span class=\"screen-reader-text\">Sukcesy pi\u0142karek r\u0119cznych z Suchania!<\/span><\/a><\/p>\n","protected":false},"author":1,"featured_media":652,"comment_status":"closed","ping_status":"open","sticky":false,"template":"","format":"standard","meta":{"neve_meta_sidebar":"","neve_meta_container":"","neve_meta_enable_content_width":"","neve_meta_content_width":0,"neve_meta_title_alignment":"","neve_meta_author_avatar":"","neve_post_elements_order":"","neve_meta_disable_header":"","neve_meta_disable_footer":"","neve_meta_disable_title":"","footnotes":""},"categories":[3],"tags":[],"class_list":["post-651","post","type-post","status-publish","format-standard","has-post-thumbnail","hentry","category-aktualnosci"],"_links":{"self":[{"href":"https:\/\/www.kusysuchan.pl\/index.php\/wp-json\/wp\/v2\/posts\/651","targetHints":{"allow":["GET"]}}],"collection":[{"href":"https:\/\/www.kusysuchan.pl\/index.php\/wp-json\/wp\/v2\/posts"}],"about":[{"href":"https:\/\/www.kusysuchan.pl\/index.php\/wp-json\/wp\/v2\/types\/post"}],"author":[{"embeddable":true,"href":"https:\/\/www.kusysuchan.pl\/index.php\/wp-json\/wp\/v2\/users\/1"}],"replies":[{"embeddable":true,"href":"https:\/\/www.kusysuchan.pl\/index.php\/wp-json\/wp\/v2\/comments?post=651"}],"version-history":[{"count":4,"href":"https:\/\/www.kusysuchan.pl\/index.php\/wp-json\/wp\/v2\/posts\/651\/revisions"}],"predecessor-version":[{"id":675,"href":"https:\/\/www.kusysuchan.pl\/index.php\/wp-json\/wp\/v2\/posts\/651\/revisions\/675"}],"wp:featuredmedia":[{"embeddable":true,"href":"https:\/\/www.kusysuchan.pl\/index.php\/wp-json\/wp\/v2\/media\/652"}],"wp:attachment":[{"href":"https:\/\/www.kusysuchan.pl\/index.php\/wp-json\/wp\/v2\/media?parent=651"}],"wp:term":[{"taxonomy":"category","embeddable":true,"href":"https:\/\/www.kusysuchan.pl\/index.php\/wp-json\/wp\/v2\/categories?post=651"},{"taxonomy":"post_tag","embeddable":true,"href":"https:\/\/www.kusysuchan.pl\/index.php\/wp-json\/wp\/v2\/tags?post=651"}],"curies":[{"name":"wp","href":"https:\/\/api.w.org\/{rel}","templated":true}]}}