{"id":637,"date":"2025-11-21T19:47:05","date_gmt":"2025-11-21T19:47:05","guid":{"rendered":"https:\/\/www.kusysuchan.pl\/?p=637"},"modified":"2025-11-23T21:02:58","modified_gmt":"2025-11-23T21:02:58","slug":"nasza-druzyna-obronila-tytul","status":"publish","type":"post","link":"https:\/\/www.kusysuchan.pl\/index.php\/2025\/11\/21\/nasza-druzyna-obronila-tytul\/","title":{"rendered":"Nasza dru\u017cyna obroni\u0142a tytu\u0142!"},"content":{"rendered":"\n<p>W <strong>Mistrzostwach Powiatu w Unihokeju Dziewcz\u0105t<\/strong> w ramach <strong>Igrzysk M\u0142odzie\u017cy Szkolnej<\/strong> (Stargard, 21 listopada 2025 r.) zwyci\u0119\u017cy\u0142a nasza dru\u017cyna. Tym samym dziewcz\u0119ta z Suchania obroni\u0142y tytu\u0142 mistrzowski wywalczony przed rokiem. Warto przypomnie\u0107, \u017ce ta dru\u017cyna reprezentuj\u0105c nasz powiat na dalszych etapach rozgrywek wywalczy\u0142a w\u00f3wczas wicemistrzostwo regionu, a nast\u0119pnie wicemistrzostwo wojew\u00f3dztwa zachodniopomorskiego.<\/p>\n\n\n\n<p>W stargardzkich Mistrzostwach Powiatu wzi\u0119\u0142o udzia\u0142 11 szkolnych reprezentacji. Walcz\u0105c o tytu\u0142 mistrzowski nasze zawodniczki najpierw pokona\u0142y swoje przeciwniczki w grupie eliminacyjnej &#8211; by\u0142y to reprezentacje ze stargardzkich Szk\u00f3\u0142 Podstawowych Nr 5, 8 i 9. W p\u00f3\u0142finale dru\u017cyna z Suchania wygra\u0142a ze stargardzk\u0105 SP Nr 6 (8:3). W finale dziewcz\u0119ta pokona\u0142y reprezentacj\u0119  SP Nr 7 (7:4). <\/p>\n\n\n\n<p>Nasza dru\u017cyna: Nell Gudewicz, Zuzanna Fijo\u0142, Julia Sk\u00f3rka, Nadia W\u00f3jcik, Wiktoria Wis\u0142ocka, Zuzanna Bronisz, Adrianna Hope, Daria Sk\u00f3rka i Julia G\u00f3rna. <a href=\"https:\/\/photos.app.goo.gl\/voDpBcpdMMFHri4TA\">Zdj\u0119cia z rozgrywek znajdziesz tutaj [klik].<\/a><\/p>\n\n\n\n<p><\/p>\n","protected":false},"excerpt":{"rendered":"<p>W Mistrzostwach Powiatu w Unihokeju Dziewcz\u0105t w ramach Igrzysk M\u0142odzie\u017cy Szkolnej (Stargard, 21 listopada 2025 r.) zwyci\u0119\u017cy\u0142a nasza dru\u017cyna. Tym samym dziewcz\u0119ta z Suchania obroni\u0142y tytu\u0142 mistrzowski wywalczony przed rokiem. Warto przypomnie\u0107, \u017ce ta dru\u017cyna reprezentuj\u0105c nasz powiat na dalszych etapach rozgrywek wywalczy\u0142a w\u00f3wczas wicemistrzostwo regionu, a nast\u0119pnie wicemistrzostwo wojew\u00f3dztwa zachodniopomorskiego. W stargardzkich Mistrzostwach Powiatu&hellip;&nbsp;<a href=\"https:\/\/www.kusysuchan.pl\/index.php\/2025\/11\/21\/nasza-druzyna-obronila-tytul\/\" rel=\"bookmark\">Dowiedz si\u0119 wi\u0119cej &raquo;<span class=\"screen-reader-text\">Nasza dru\u017cyna obroni\u0142a tytu\u0142!<\/span><\/a><\/p>\n","protected":false},"author":1,"featured_media":638,"comment_status":"closed","ping_status":"open","sticky":false,"template":"","format":"standard","meta":{"neve_meta_sidebar":"","neve_meta_container":"","neve_meta_enable_content_width":"","neve_meta_content_width":0,"neve_meta_title_alignment":"","neve_meta_author_avatar":"","neve_post_elements_order":"","neve_meta_disable_header":"","neve_meta_disable_footer":"","neve_meta_disable_title":"","footnotes":""},"categories":[3],"tags":[],"class_list":["post-637","post","type-post","status-publish","format-standard","has-post-thumbnail","hentry","category-aktualnosci"],"_links":{"self":[{"href":"https:\/\/www.kusysuchan.pl\/index.php\/wp-json\/wp\/v2\/posts\/637","targetHints":{"allow":["GET"]}}],"collection":[{"href":"https:\/\/www.kusysuchan.pl\/index.php\/wp-json\/wp\/v2\/posts"}],"about":[{"href":"https:\/\/www.kusysuchan.pl\/index.php\/wp-json\/wp\/v2\/types\/post"}],"author":[{"embeddable":true,"href":"https:\/\/www.kusysuchan.pl\/index.php\/wp-json\/wp\/v2\/users\/1"}],"replies":[{"embeddable":true,"href":"https:\/\/www.kusysuchan.pl\/index.php\/wp-json\/wp\/v2\/comments?post=637"}],"version-history":[{"count":7,"href":"https:\/\/www.kusysuchan.pl\/index.php\/wp-json\/wp\/v2\/posts\/637\/revisions"}],"predecessor-version":[{"id":649,"href":"https:\/\/www.kusysuchan.pl\/index.php\/wp-json\/wp\/v2\/posts\/637\/revisions\/649"}],"wp:featuredmedia":[{"embeddable":true,"href":"https:\/\/www.kusysuchan.pl\/index.php\/wp-json\/wp\/v2\/media\/638"}],"wp:attachment":[{"href":"https:\/\/www.kusysuchan.pl\/index.php\/wp-json\/wp\/v2\/media?parent=637"}],"wp:term":[{"taxonomy":"category","embeddable":true,"href":"https:\/\/www.kusysuchan.pl\/index.php\/wp-json\/wp\/v2\/categories?post=637"},{"taxonomy":"post_tag","embeddable":true,"href":"https:\/\/www.kusysuchan.pl\/index.php\/wp-json\/wp\/v2\/tags?post=637"}],"curies":[{"name":"wp","href":"https:\/\/api.w.org\/{rel}","templated":true}]}}