{"id":603,"date":"2025-09-14T20:15:28","date_gmt":"2025-09-14T20:15:28","guid":{"rendered":"https:\/\/www.kusysuchan.pl\/?p=603"},"modified":"2025-09-14T20:33:54","modified_gmt":"2025-09-14T20:33:54","slug":"biegi-w-barzkowicach","status":"publish","type":"post","link":"https:\/\/www.kusysuchan.pl\/index.php\/2025\/09\/14\/biegi-w-barzkowicach\/","title":{"rendered":"Biegi w Barzkowicach"},"content":{"rendered":"\n<p>Nasza sportowa reprezentacja zainaugurowa\u0142a rok szkolny 2025\/2026 udzia\u0142em w Jesiennych Biegach Prze\u0142ajowych zorganizowanych w trakcie XXXVII Barzkowickich Targ\u00f3w Rolnych (12 wrze\u015bnia 2025 r.). Miejsce na podium wywalczy\u0142a <strong>Nell Gudewicz<\/strong> &#8211; trzecia w kategorii klas VIII. <strong>Lena Kubera<\/strong> zaj\u0119\u0142a pi\u0105te miejsce w kategorii klas VI. <a href=\"https:\/\/photos.app.goo.gl\/X7T976XwyKiWrSAJ9\">Wi\u0119cej zdj\u0119\u0107 znajdziesz w galerii dost\u0119pnej tutaj [klik].<\/a><\/p>\n","protected":false},"excerpt":{"rendered":"<p>Nasza sportowa reprezentacja zainaugurowa\u0142a rok szkolny 2025\/2026 udzia\u0142em w Jesiennych Biegach Prze\u0142ajowych zorganizowanych w trakcie XXXVII Barzkowickich Targ\u00f3w Rolnych (12 wrze\u015bnia 2025 r.). Miejsce na podium wywalczy\u0142a Nell Gudewicz &#8211; trzecia w kategorii klas VIII. Lena Kubera zaj\u0119\u0142a pi\u0105te miejsce w kategorii klas VI. Wi\u0119cej zdj\u0119\u0107 znajdziesz w galerii dost\u0119pnej tutaj [klik].<\/p>\n","protected":false},"author":1,"featured_media":604,"comment_status":"closed","ping_status":"open","sticky":false,"template":"","format":"standard","meta":{"neve_meta_sidebar":"","neve_meta_container":"","neve_meta_enable_content_width":"","neve_meta_content_width":0,"neve_meta_title_alignment":"","neve_meta_author_avatar":"","neve_post_elements_order":"","neve_meta_disable_header":"","neve_meta_disable_footer":"","neve_meta_disable_title":"","footnotes":""},"categories":[3],"tags":[],"class_list":["post-603","post","type-post","status-publish","format-standard","has-post-thumbnail","hentry","category-aktualnosci"],"_links":{"self":[{"href":"https:\/\/www.kusysuchan.pl\/index.php\/wp-json\/wp\/v2\/posts\/603","targetHints":{"allow":["GET"]}}],"collection":[{"href":"https:\/\/www.kusysuchan.pl\/index.php\/wp-json\/wp\/v2\/posts"}],"about":[{"href":"https:\/\/www.kusysuchan.pl\/index.php\/wp-json\/wp\/v2\/types\/post"}],"author":[{"embeddable":true,"href":"https:\/\/www.kusysuchan.pl\/index.php\/wp-json\/wp\/v2\/users\/1"}],"replies":[{"embeddable":true,"href":"https:\/\/www.kusysuchan.pl\/index.php\/wp-json\/wp\/v2\/comments?post=603"}],"version-history":[{"count":2,"href":"https:\/\/www.kusysuchan.pl\/index.php\/wp-json\/wp\/v2\/posts\/603\/revisions"}],"predecessor-version":[{"id":606,"href":"https:\/\/www.kusysuchan.pl\/index.php\/wp-json\/wp\/v2\/posts\/603\/revisions\/606"}],"wp:featuredmedia":[{"embeddable":true,"href":"https:\/\/www.kusysuchan.pl\/index.php\/wp-json\/wp\/v2\/media\/604"}],"wp:attachment":[{"href":"https:\/\/www.kusysuchan.pl\/index.php\/wp-json\/wp\/v2\/media?parent=603"}],"wp:term":[{"taxonomy":"category","embeddable":true,"href":"https:\/\/www.kusysuchan.pl\/index.php\/wp-json\/wp\/v2\/categories?post=603"},{"taxonomy":"post_tag","embeddable":true,"href":"https:\/\/www.kusysuchan.pl\/index.php\/wp-json\/wp\/v2\/tags?post=603"}],"curies":[{"name":"wp","href":"https:\/\/api.w.org\/{rel}","templated":true}]}}