{"id":589,"date":"2025-06-01T22:42:40","date_gmt":"2025-06-01T22:42:40","guid":{"rendered":"https:\/\/www.kusysuchan.pl\/?p=589"},"modified":"2025-06-01T22:51:40","modified_gmt":"2025-06-01T22:51:40","slug":"regionalne-biegi-przelajowe-lzs-w-insku","status":"publish","type":"post","link":"https:\/\/www.kusysuchan.pl\/index.php\/2025\/06\/01\/regionalne-biegi-przelajowe-lzs-w-insku\/","title":{"rendered":"Regionalne Biegi Prze\u0142ajowe LZS w I\u0144sku"},"content":{"rendered":"\n<p>W <strong>Regionalnych Biegach Prze\u0142ajowych LZS<\/strong> <strong>w I\u0144sku<\/strong> (30 maja 2025 r.) rywalizowali m\u0142odzi biegacze z I\u0144ska, D\u0119bic, Radowa Ma\u0142ego, Dobrej, Chociwla i Suchania. Szko\u0142\u0119 Podstawow\u0105 im. Janusza Kusoci\u0144skiego w Suchaniu reprezentowali uczniowie z klas IV-VI. Miejsce na podium wywalczy\u0142y nasze trzy reprezentantki. <strong>Zuzann\u0119 Bronisz<\/strong> udekorowano srebrnym medalem. <strong>Adrianna Hope<\/strong> i <strong>Amelia Bernatowska<\/strong> stan\u0119\u0142y na najni\u017cszym stopniu podium. <a href=\"https:\/\/photos.app.goo.gl\/bJfCcfDir4SFzrsq8\">Wi\u0119cej zdj\u0119\u0107 znajdziesz tutaj [klik].<\/a><\/p>\n\n\n\n<p><\/p>\n","protected":false},"excerpt":{"rendered":"<p>W Regionalnych Biegach Prze\u0142ajowych LZS w I\u0144sku (30 maja 2025 r.) rywalizowali m\u0142odzi biegacze z I\u0144ska, D\u0119bic, Radowa Ma\u0142ego, Dobrej, Chociwla i Suchania. Szko\u0142\u0119 Podstawow\u0105 im. Janusza Kusoci\u0144skiego w Suchaniu reprezentowali uczniowie z klas IV-VI. Miejsce na podium wywalczy\u0142y nasze trzy reprezentantki. Zuzann\u0119 Bronisz udekorowano srebrnym medalem. Adrianna Hope i Amelia Bernatowska stan\u0119\u0142y na najni\u017cszym&hellip;&nbsp;<a href=\"https:\/\/www.kusysuchan.pl\/index.php\/2025\/06\/01\/regionalne-biegi-przelajowe-lzs-w-insku\/\" rel=\"bookmark\">Dowiedz si\u0119 wi\u0119cej &raquo;<span class=\"screen-reader-text\">Regionalne Biegi Prze\u0142ajowe LZS w I\u0144sku<\/span><\/a><\/p>\n","protected":false},"author":1,"featured_media":590,"comment_status":"closed","ping_status":"open","sticky":false,"template":"","format":"standard","meta":{"neve_meta_sidebar":"","neve_meta_container":"","neve_meta_enable_content_width":"","neve_meta_content_width":0,"neve_meta_title_alignment":"","neve_meta_author_avatar":"","neve_post_elements_order":"","neve_meta_disable_header":"","neve_meta_disable_footer":"","neve_meta_disable_title":"","footnotes":""},"categories":[3],"tags":[],"class_list":["post-589","post","type-post","status-publish","format-standard","has-post-thumbnail","hentry","category-aktualnosci"],"_links":{"self":[{"href":"https:\/\/www.kusysuchan.pl\/index.php\/wp-json\/wp\/v2\/posts\/589","targetHints":{"allow":["GET"]}}],"collection":[{"href":"https:\/\/www.kusysuchan.pl\/index.php\/wp-json\/wp\/v2\/posts"}],"about":[{"href":"https:\/\/www.kusysuchan.pl\/index.php\/wp-json\/wp\/v2\/types\/post"}],"author":[{"embeddable":true,"href":"https:\/\/www.kusysuchan.pl\/index.php\/wp-json\/wp\/v2\/users\/1"}],"replies":[{"embeddable":true,"href":"https:\/\/www.kusysuchan.pl\/index.php\/wp-json\/wp\/v2\/comments?post=589"}],"version-history":[{"count":2,"href":"https:\/\/www.kusysuchan.pl\/index.php\/wp-json\/wp\/v2\/posts\/589\/revisions"}],"predecessor-version":[{"id":593,"href":"https:\/\/www.kusysuchan.pl\/index.php\/wp-json\/wp\/v2\/posts\/589\/revisions\/593"}],"wp:featuredmedia":[{"embeddable":true,"href":"https:\/\/www.kusysuchan.pl\/index.php\/wp-json\/wp\/v2\/media\/590"}],"wp:attachment":[{"href":"https:\/\/www.kusysuchan.pl\/index.php\/wp-json\/wp\/v2\/media?parent=589"}],"wp:term":[{"taxonomy":"category","embeddable":true,"href":"https:\/\/www.kusysuchan.pl\/index.php\/wp-json\/wp\/v2\/categories?post=589"},{"taxonomy":"post_tag","embeddable":true,"href":"https:\/\/www.kusysuchan.pl\/index.php\/wp-json\/wp\/v2\/tags?post=589"}],"curies":[{"name":"wp","href":"https:\/\/api.w.org\/{rel}","templated":true}]}}