{"id":522,"date":"2024-04-12T18:29:00","date_gmt":"2024-04-12T18:29:00","guid":{"rendered":"https:\/\/www.kusysuchan.pl\/?p=522"},"modified":"2025-01-14T18:33:03","modified_gmt":"2025-01-14T18:33:03","slug":"trzy-medale-naszych-w-insku","status":"publish","type":"post","link":"https:\/\/www.kusysuchan.pl\/index.php\/2024\/04\/12\/trzy-medale-naszych-w-insku\/","title":{"rendered":"Trzy medale naszych w I\u0144sku"},"content":{"rendered":"\n<p>W trakcie obchod\u00f3w <strong>X Powiatowych i Gminnych Dni Olimpijczyka<\/strong> <strong>w I\u0144sku<\/strong> w dniu 12 kwietnia  zosta\u0142y przeprowadzone <strong>VI Regionalne Biegi Prze\u0142ajowe LZS I\u0144sko 2024<\/strong>. Nasi reprezentanci wywalczyli trzy miejsca na podium. Na najwy\u017cszym stopniu stan\u0105\u0142 <strong>Aleksander Szubert<\/strong>. <a href=\"https:\/\/photos.app.goo.gl\/jmgTjHKwHNqTsvyG6\">Wi\u0119cej zdj\u0119\u0107 z Bieg\u00f3w znajdziesz tutaj [klik]<\/a>.<\/p>\n\n\n\n<p><\/p>\n","protected":false},"excerpt":{"rendered":"<p>W trakcie obchod\u00f3w X Powiatowych i Gminnych Dni Olimpijczyka w I\u0144sku w dniu 12 kwietnia zosta\u0142y przeprowadzone VI Regionalne Biegi Prze\u0142ajowe LZS I\u0144sko 2024. Nasi reprezentanci wywalczyli trzy miejsca na podium. Na najwy\u017cszym stopniu stan\u0105\u0142 Aleksander Szubert. Wi\u0119cej zdj\u0119\u0107 z Bieg\u00f3w znajdziesz tutaj [klik].<\/p>\n","protected":false},"author":1,"featured_media":523,"comment_status":"closed","ping_status":"open","sticky":false,"template":"","format":"standard","meta":{"neve_meta_sidebar":"","neve_meta_container":"","neve_meta_enable_content_width":"","neve_meta_content_width":0,"neve_meta_title_alignment":"","neve_meta_author_avatar":"","neve_post_elements_order":"","neve_meta_disable_header":"","neve_meta_disable_footer":"","neve_meta_disable_title":"","footnotes":""},"categories":[3],"tags":[],"class_list":["post-522","post","type-post","status-publish","format-standard","has-post-thumbnail","hentry","category-aktualnosci"],"_links":{"self":[{"href":"https:\/\/www.kusysuchan.pl\/index.php\/wp-json\/wp\/v2\/posts\/522","targetHints":{"allow":["GET"]}}],"collection":[{"href":"https:\/\/www.kusysuchan.pl\/index.php\/wp-json\/wp\/v2\/posts"}],"about":[{"href":"https:\/\/www.kusysuchan.pl\/index.php\/wp-json\/wp\/v2\/types\/post"}],"author":[{"embeddable":true,"href":"https:\/\/www.kusysuchan.pl\/index.php\/wp-json\/wp\/v2\/users\/1"}],"replies":[{"embeddable":true,"href":"https:\/\/www.kusysuchan.pl\/index.php\/wp-json\/wp\/v2\/comments?post=522"}],"version-history":[{"count":2,"href":"https:\/\/www.kusysuchan.pl\/index.php\/wp-json\/wp\/v2\/posts\/522\/revisions"}],"predecessor-version":[{"id":525,"href":"https:\/\/www.kusysuchan.pl\/index.php\/wp-json\/wp\/v2\/posts\/522\/revisions\/525"}],"wp:featuredmedia":[{"embeddable":true,"href":"https:\/\/www.kusysuchan.pl\/index.php\/wp-json\/wp\/v2\/media\/523"}],"wp:attachment":[{"href":"https:\/\/www.kusysuchan.pl\/index.php\/wp-json\/wp\/v2\/media?parent=522"}],"wp:term":[{"taxonomy":"category","embeddable":true,"href":"https:\/\/www.kusysuchan.pl\/index.php\/wp-json\/wp\/v2\/categories?post=522"},{"taxonomy":"post_tag","embeddable":true,"href":"https:\/\/www.kusysuchan.pl\/index.php\/wp-json\/wp\/v2\/tags?post=522"}],"curies":[{"name":"wp","href":"https:\/\/api.w.org\/{rel}","templated":true}]}}