{"id":518,"date":"2024-06-07T18:08:00","date_gmt":"2024-06-07T18:08:00","guid":{"rendered":"https:\/\/www.kusysuchan.pl\/?p=518"},"modified":"2025-01-14T18:13:23","modified_gmt":"2025-01-14T18:13:23","slug":"viii-bieg-kusego","status":"publish","type":"post","link":"https:\/\/www.kusysuchan.pl\/index.php\/2024\/06\/07\/viii-bieg-kusego\/","title":{"rendered":"VIII Bieg Kusego"},"content":{"rendered":"\n<p><strong>Biegi Kusego<\/strong> na sta\u0142e zago\u015bci\u0142y w kalendarzu sportowych wydarze\u0144 w <strong>Szkole Podstawowej im. Janusza Kusoci\u0144skiego w Suchaniu<\/strong>. W tym roku szkolnym VIII edycj\u0119 Biegu Kusego przeprowadzono w ramach szkolnych obchod\u00f3w Dni Olimpijczyka. Do rywalizacji przyst\u0105pi\u0142o ponad dwustu uczni\u00f3w z licznych zaprzyja\u017anionych Szk\u00f3\u0142 z nast\u0119puj\u0105cych miejscowo\u015bci: Dolice, Dobrzany, I\u0144sko, Chociwel, Recz, Rzeplino, D\u0119bice i Marianowo. <a href=\"https:\/\/photos.app.goo.gl\/P2cfh5rHkcqGvmNDA\">Galeria zdj\u0119\u0107 z VIII Biegu Kusego [klik]<\/a>.<\/p>\n","protected":false},"excerpt":{"rendered":"<p>Biegi Kusego na sta\u0142e zago\u015bci\u0142y w kalendarzu sportowych wydarze\u0144 w Szkole Podstawowej im. Janusza Kusoci\u0144skiego w Suchaniu. W tym roku szkolnym VIII edycj\u0119 Biegu Kusego przeprowadzono w ramach szkolnych obchod\u00f3w Dni Olimpijczyka. Do rywalizacji przyst\u0105pi\u0142o ponad dwustu uczni\u00f3w z licznych zaprzyja\u017anionych Szk\u00f3\u0142 z nast\u0119puj\u0105cych miejscowo\u015bci: Dolice, Dobrzany, I\u0144sko, Chociwel, Recz, Rzeplino, D\u0119bice i Marianowo. Galeria&hellip;&nbsp;<a href=\"https:\/\/www.kusysuchan.pl\/index.php\/2024\/06\/07\/viii-bieg-kusego\/\" rel=\"bookmark\">Dowiedz si\u0119 wi\u0119cej &raquo;<span class=\"screen-reader-text\">VIII Bieg Kusego<\/span><\/a><\/p>\n","protected":false},"author":1,"featured_media":519,"comment_status":"closed","ping_status":"open","sticky":false,"template":"","format":"standard","meta":{"neve_meta_sidebar":"","neve_meta_container":"","neve_meta_enable_content_width":"","neve_meta_content_width":0,"neve_meta_title_alignment":"","neve_meta_author_avatar":"","neve_post_elements_order":"","neve_meta_disable_header":"","neve_meta_disable_footer":"","neve_meta_disable_title":"","footnotes":""},"categories":[3],"tags":[],"class_list":["post-518","post","type-post","status-publish","format-standard","has-post-thumbnail","hentry","category-aktualnosci"],"_links":{"self":[{"href":"https:\/\/www.kusysuchan.pl\/index.php\/wp-json\/wp\/v2\/posts\/518","targetHints":{"allow":["GET"]}}],"collection":[{"href":"https:\/\/www.kusysuchan.pl\/index.php\/wp-json\/wp\/v2\/posts"}],"about":[{"href":"https:\/\/www.kusysuchan.pl\/index.php\/wp-json\/wp\/v2\/types\/post"}],"author":[{"embeddable":true,"href":"https:\/\/www.kusysuchan.pl\/index.php\/wp-json\/wp\/v2\/users\/1"}],"replies":[{"embeddable":true,"href":"https:\/\/www.kusysuchan.pl\/index.php\/wp-json\/wp\/v2\/comments?post=518"}],"version-history":[{"count":2,"href":"https:\/\/www.kusysuchan.pl\/index.php\/wp-json\/wp\/v2\/posts\/518\/revisions"}],"predecessor-version":[{"id":521,"href":"https:\/\/www.kusysuchan.pl\/index.php\/wp-json\/wp\/v2\/posts\/518\/revisions\/521"}],"wp:featuredmedia":[{"embeddable":true,"href":"https:\/\/www.kusysuchan.pl\/index.php\/wp-json\/wp\/v2\/media\/519"}],"wp:attachment":[{"href":"https:\/\/www.kusysuchan.pl\/index.php\/wp-json\/wp\/v2\/media?parent=518"}],"wp:term":[{"taxonomy":"category","embeddable":true,"href":"https:\/\/www.kusysuchan.pl\/index.php\/wp-json\/wp\/v2\/categories?post=518"},{"taxonomy":"post_tag","embeddable":true,"href":"https:\/\/www.kusysuchan.pl\/index.php\/wp-json\/wp\/v2\/tags?post=518"}],"curies":[{"name":"wp","href":"https:\/\/api.w.org\/{rel}","templated":true}]}}