{"id":504,"date":"2025-01-09T23:01:25","date_gmt":"2025-01-09T23:01:25","guid":{"rendered":"https:\/\/www.kusysuchan.pl\/?p=504"},"modified":"2025-01-14T06:58:57","modified_gmt":"2025-01-14T06:58:57","slug":"starsze-dziewczeta-tez-najlepsze","status":"publish","type":"post","link":"https:\/\/www.kusysuchan.pl\/index.php\/2025\/01\/09\/starsze-dziewczeta-tez-najlepsze\/","title":{"rendered":"Starsze dziewcz\u0119ta te\u017c najlepsze!"},"content":{"rendered":"\n<p>A\u017c 13 szkolnych reprezentacji rywalizowa\u0142o w <strong>Mistrzostwach Powiatu w Unihokeju Dziewcz\u0105t<\/strong> <strong>w ramach Igrzysk M\u0142odzie\u017cy Szkolnej<\/strong> (Stargard, 09 stycznia 2025 r.). Nasza dru\u017cyna spisa\u0142a si\u0119 rewelacyjnie &#8211; wygra\u0142a wszystkie mecze i zaj\u0119\u0142a I miejsce. Tym samym wywalczy\u0142a awans do kolejnego etapu rozgrywek. Suchanianki b\u0119d\u0105 ju\u017c wkr\u00f3tce reprezentowa\u0107 powiat stargardzki w zawodach regionalnych. W mistrzowskiej dru\u017cynie zagra\u0142y: Aleksandra Finkowiat (kapitan), Julia Wili\u0144ska, Nell Gudewicz, Julia Sk\u00f3rka, Nadia W\u00f3jcik i Lucyna Plaskacz. Wypada przypomnie\u0107, \u017ce przed miesi\u0105cem podobnym sukcesem mog\u0142y si\u0119 pochwali\u0107 nasze m\u0142odsze adeptki unihokeja &#8211; rywalizuj\u0105ce w ramach Igrzysk Dzieci. <a href=\"https:\/\/photos.app.goo.gl\/Jxyr51siZYhwcqJr6\">Wi\u0119cej zdj\u0119\u0107 znajdziesz w galerii [klik]<\/a><a href=\"http:\/\/Wypada przypomnie\u0107, \u017ce przed miesi\u0105cem podobnym sukcesem mog\u0142y si\u0119 pochwali\u0107 nasze m\u0142odsze adeptki unihokeja - rywalizuj\u0105ce w ramach Igrzysk Dzieci.\">.<\/a><\/p>\n\n\n\n<p><\/p>\n","protected":false},"excerpt":{"rendered":"<p>A\u017c 13 szkolnych reprezentacji rywalizowa\u0142o w Mistrzostwach Powiatu w Unihokeju Dziewcz\u0105t w ramach Igrzysk M\u0142odzie\u017cy Szkolnej (Stargard, 09 stycznia 2025 r.). Nasza dru\u017cyna spisa\u0142a si\u0119 rewelacyjnie &#8211; wygra\u0142a wszystkie mecze i zaj\u0119\u0142a I miejsce. Tym samym wywalczy\u0142a awans do kolejnego etapu rozgrywek. Suchanianki b\u0119d\u0105 ju\u017c wkr\u00f3tce reprezentowa\u0107 powiat stargardzki w zawodach regionalnych. W mistrzowskiej dru\u017cynie&hellip;&nbsp;<a href=\"https:\/\/www.kusysuchan.pl\/index.php\/2025\/01\/09\/starsze-dziewczeta-tez-najlepsze\/\" rel=\"bookmark\">Dowiedz si\u0119 wi\u0119cej &raquo;<span class=\"screen-reader-text\">Starsze dziewcz\u0119ta te\u017c najlepsze!<\/span><\/a><\/p>\n","protected":false},"author":1,"featured_media":505,"comment_status":"closed","ping_status":"open","sticky":false,"template":"","format":"standard","meta":{"neve_meta_sidebar":"","neve_meta_container":"","neve_meta_enable_content_width":"","neve_meta_content_width":0,"neve_meta_title_alignment":"","neve_meta_author_avatar":"","neve_post_elements_order":"","neve_meta_disable_header":"","neve_meta_disable_footer":"","neve_meta_disable_title":"","footnotes":""},"categories":[3],"tags":[],"class_list":["post-504","post","type-post","status-publish","format-standard","has-post-thumbnail","hentry","category-aktualnosci"],"_links":{"self":[{"href":"https:\/\/www.kusysuchan.pl\/index.php\/wp-json\/wp\/v2\/posts\/504","targetHints":{"allow":["GET"]}}],"collection":[{"href":"https:\/\/www.kusysuchan.pl\/index.php\/wp-json\/wp\/v2\/posts"}],"about":[{"href":"https:\/\/www.kusysuchan.pl\/index.php\/wp-json\/wp\/v2\/types\/post"}],"author":[{"embeddable":true,"href":"https:\/\/www.kusysuchan.pl\/index.php\/wp-json\/wp\/v2\/users\/1"}],"replies":[{"embeddable":true,"href":"https:\/\/www.kusysuchan.pl\/index.php\/wp-json\/wp\/v2\/comments?post=504"}],"version-history":[{"count":5,"href":"https:\/\/www.kusysuchan.pl\/index.php\/wp-json\/wp\/v2\/posts\/504\/revisions"}],"predecessor-version":[{"id":513,"href":"https:\/\/www.kusysuchan.pl\/index.php\/wp-json\/wp\/v2\/posts\/504\/revisions\/513"}],"wp:featuredmedia":[{"embeddable":true,"href":"https:\/\/www.kusysuchan.pl\/index.php\/wp-json\/wp\/v2\/media\/505"}],"wp:attachment":[{"href":"https:\/\/www.kusysuchan.pl\/index.php\/wp-json\/wp\/v2\/media?parent=504"}],"wp:term":[{"taxonomy":"category","embeddable":true,"href":"https:\/\/www.kusysuchan.pl\/index.php\/wp-json\/wp\/v2\/categories?post=504"},{"taxonomy":"post_tag","embeddable":true,"href":"https:\/\/www.kusysuchan.pl\/index.php\/wp-json\/wp\/v2\/tags?post=504"}],"curies":[{"name":"wp","href":"https:\/\/api.w.org\/{rel}","templated":true}]}}