{"id":119,"date":"2024-09-25T16:47:00","date_gmt":"2024-09-25T16:47:00","guid":{"rendered":"https:\/\/www.kusysuchan.pl\/?p=119"},"modified":"2024-12-29T17:38:54","modified_gmt":"2024-12-29T17:38:54","slug":"zlota-sztafeta-dziewczat","status":"publish","type":"post","link":"https:\/\/www.kusysuchan.pl\/index.php\/2024\/09\/25\/zlota-sztafeta-dziewczat\/","title":{"rendered":"Z\u0142ota sztafeta dziewcz\u0105t"},"content":{"rendered":"\n<p>Nasi biegacze rywalizowali w Sztafetowych Biegach Prze\u0142ajowych zorganizowanych przez Szko\u0142\u0119 Podstawow\u0105 w Rzeplinie (25 wrze\u015bnia 2024r.). Rywalizacja przebiega\u0142a w trzech kategoriach: <strong>I<\/strong> &#8211; klasy I-III (5 dziewcz\u0105t i 5 ch\u0142opc\u00f3w), <strong>II<\/strong> &#8211; klasy IV-VIII dziewcz\u0119ta (po dwie z ka\u017cdego rocznika) i <strong>III<\/strong> &#8211; klasy IV-VIII ch\u0142opcy (po dw\u00f3ch z ka\u017cdego rocznika). Najlepiej zaprezentowa\u0142y si\u0119 nasze dziewcz\u0119ta z klas IV-VIII, kt\u00f3re wywalczy\u0142y pierwsze miejsce. W sucha\u0144skiej sztafecie pobieg\u0142y: Nadia Barszcz, Lena Kulejewska, Lena Kubera, Hanna Kocewa, Adrianna Hope, Nell Gudewicz, Nadia W\u00f3jcik, Eliza Rosak, Roksana Gawro\u0144ska i Lena Wlaz\u0142owska. <a href=\"https:\/\/photos.app.goo.gl\/c1wfRmnC5euSoHiB9\">Wi\u0119cej zdj\u0119\u0107 z Bieg\u00f3w [klik].<\/a><\/p>\n","protected":false},"excerpt":{"rendered":"<p>Nasi biegacze rywalizowali w Sztafetowych Biegach Prze\u0142ajowych zorganizowanych przez Szko\u0142\u0119 Podstawow\u0105 w Rzeplinie (25 wrze\u015bnia 2024r.). Rywalizacja przebiega\u0142a w trzech kategoriach: I &#8211; klasy I-III (5 dziewcz\u0105t i 5 ch\u0142opc\u00f3w), II &#8211; klasy IV-VIII dziewcz\u0119ta (po dwie z ka\u017cdego rocznika) i III &#8211; klasy IV-VIII ch\u0142opcy (po dw\u00f3ch z ka\u017cdego rocznika). Najlepiej zaprezentowa\u0142y si\u0119 nasze&hellip;&nbsp;<a href=\"https:\/\/www.kusysuchan.pl\/index.php\/2024\/09\/25\/zlota-sztafeta-dziewczat\/\" rel=\"bookmark\">Dowiedz si\u0119 wi\u0119cej &raquo;<span class=\"screen-reader-text\">Z\u0142ota sztafeta dziewcz\u0105t<\/span><\/a><\/p>\n","protected":false},"author":1,"featured_media":122,"comment_status":"open","ping_status":"open","sticky":false,"template":"","format":"standard","meta":{"neve_meta_sidebar":"","neve_meta_container":"","neve_meta_enable_content_width":"","neve_meta_content_width":0,"neve_meta_title_alignment":"","neve_meta_author_avatar":"","neve_post_elements_order":"","neve_meta_disable_header":"","neve_meta_disable_footer":"","neve_meta_disable_title":"","footnotes":""},"categories":[3],"tags":[],"class_list":["post-119","post","type-post","status-publish","format-standard","has-post-thumbnail","hentry","category-aktualnosci"],"_links":{"self":[{"href":"https:\/\/www.kusysuchan.pl\/index.php\/wp-json\/wp\/v2\/posts\/119","targetHints":{"allow":["GET"]}}],"collection":[{"href":"https:\/\/www.kusysuchan.pl\/index.php\/wp-json\/wp\/v2\/posts"}],"about":[{"href":"https:\/\/www.kusysuchan.pl\/index.php\/wp-json\/wp\/v2\/types\/post"}],"author":[{"embeddable":true,"href":"https:\/\/www.kusysuchan.pl\/index.php\/wp-json\/wp\/v2\/users\/1"}],"replies":[{"embeddable":true,"href":"https:\/\/www.kusysuchan.pl\/index.php\/wp-json\/wp\/v2\/comments?post=119"}],"version-history":[{"count":1,"href":"https:\/\/www.kusysuchan.pl\/index.php\/wp-json\/wp\/v2\/posts\/119\/revisions"}],"predecessor-version":[{"id":120,"href":"https:\/\/www.kusysuchan.pl\/index.php\/wp-json\/wp\/v2\/posts\/119\/revisions\/120"}],"wp:featuredmedia":[{"embeddable":true,"href":"https:\/\/www.kusysuchan.pl\/index.php\/wp-json\/wp\/v2\/media\/122"}],"wp:attachment":[{"href":"https:\/\/www.kusysuchan.pl\/index.php\/wp-json\/wp\/v2\/media?parent=119"}],"wp:term":[{"taxonomy":"category","embeddable":true,"href":"https:\/\/www.kusysuchan.pl\/index.php\/wp-json\/wp\/v2\/categories?post=119"},{"taxonomy":"post_tag","embeddable":true,"href":"https:\/\/www.kusysuchan.pl\/index.php\/wp-json\/wp\/v2\/tags?post=119"}],"curies":[{"name":"wp","href":"https:\/\/api.w.org\/{rel}","templated":true}]}}