{"id":110,"date":"2024-10-28T15:28:00","date_gmt":"2024-10-28T15:28:00","guid":{"rendered":"https:\/\/www.kusysuchan.pl\/?p=110"},"modified":"2024-12-29T16:12:04","modified_gmt":"2024-12-29T16:12:04","slug":"sukcesy-naszych-w-xxvii-memoriale-jana-blinkiewicza","status":"publish","type":"post","link":"https:\/\/www.kusysuchan.pl\/index.php\/2024\/10\/28\/sukcesy-naszych-w-xxvii-memoriale-jana-blinkiewicza\/","title":{"rendered":"Sukcesy naszych w XXVII Memoriale Jana Blinkiewicza"},"content":{"rendered":"\n<p>W dniu 28 pa\u017adziernika 2024 r. w Szkole Podstawowej w Rzeplinie odby\u0142 si\u0119 <strong>Turniej Pi\u0142ki R\u0119cznej Dziewcz\u0105t i Ch\u0142opc\u00f3w o Puchar W\u00f3jta Gminy Dolice<\/strong>. To ju\u017c XXVII Memoria\u0142 po\u015bwi\u0119cony pami\u0119ci Jana Blinkiewicza, kt\u00f3ry by\u0142 nie tylko nauczycielem, ale r\u00f3wnie\u017c wielkim mi\u0142o\u015bnikiem sportu. Organizatorzy Turnieju zapewnili sportowym zmaganiom atrakcyjn\u0105 opraw\u0119. Rozgrzewk\u0119 przeprowadzili zawodnicy Sandra Spa Pogoni Szczecin. Oni te\u017c pe\u0142nili rol\u0119 s\u0119dzi\u00f3w w turniejowych zmaganiach. Sportowa rywalizacja przebiega\u0142a w dw\u00f3ch kategoriach: I &#8211; zawodniczki\/zawodnicy z rocznik\u00f3w 2010 i 2011, oraz II &#8211; z rocznik\u00f3w 2012-2013. W m\u0142odszej kategorii triumfowa\u0142y nasze dziewcz\u0119ta. Dziewcz\u0119ta starsze zaj\u0119\u0142y II miejsce. Za najlepsze zawodniczki Turnieju uznano <strong>Wiktori\u0119 Wis\u0142ock\u0105<\/strong> i <strong>Nell Gudewicz<\/strong>. <strong>Juli\u0119 G\u00f3rn\u0105<\/strong> uznano za najlepsz\u0105 bramkark\u0119 w m\u0142odszej kategorii. <a href=\"https:\/\/photos.app.goo.gl\/8zdSwHvv6QpXXqpu8\">Wi\u0119cej zdj\u0119\u0107 z Turnieju znajdziesz tutaj [klik].<\/a> <a href=\"https:\/\/www.zro.szczecin.pl\/index.php?view=article&amp;id=859:xxvii-memorial-jana-blinkiewicza&amp;catid=8\">Relacja z Turnieju na stronie Zachodniopomorskiej Rady Olimpijskiej [klik].<\/a><\/p>\n\n\n\n<p><\/p>\n","protected":false},"excerpt":{"rendered":"<p>W dniu 28 pa\u017adziernika 2024 r. w Szkole Podstawowej w Rzeplinie odby\u0142 si\u0119 Turniej Pi\u0142ki R\u0119cznej Dziewcz\u0105t i Ch\u0142opc\u00f3w o Puchar W\u00f3jta Gminy Dolice. To ju\u017c XXVII Memoria\u0142 po\u015bwi\u0119cony pami\u0119ci Jana Blinkiewicza, kt\u00f3ry by\u0142 nie tylko nauczycielem, ale r\u00f3wnie\u017c wielkim mi\u0142o\u015bnikiem sportu. Organizatorzy Turnieju zapewnili sportowym zmaganiom atrakcyjn\u0105 opraw\u0119. Rozgrzewk\u0119 przeprowadzili zawodnicy Sandra Spa Pogoni&hellip;&nbsp;<a href=\"https:\/\/www.kusysuchan.pl\/index.php\/2024\/10\/28\/sukcesy-naszych-w-xxvii-memoriale-jana-blinkiewicza\/\" rel=\"bookmark\">Dowiedz si\u0119 wi\u0119cej &raquo;<span class=\"screen-reader-text\">Sukcesy naszych w XXVII Memoriale Jana Blinkiewicza<\/span><\/a><\/p>\n","protected":false},"author":1,"featured_media":112,"comment_status":"open","ping_status":"open","sticky":false,"template":"","format":"standard","meta":{"neve_meta_sidebar":"","neve_meta_container":"","neve_meta_enable_content_width":"","neve_meta_content_width":0,"neve_meta_title_alignment":"","neve_meta_author_avatar":"","neve_post_elements_order":"","neve_meta_disable_header":"","neve_meta_disable_footer":"","neve_meta_disable_title":"","footnotes":""},"categories":[3],"tags":[],"class_list":["post-110","post","type-post","status-publish","format-standard","has-post-thumbnail","hentry","category-aktualnosci"],"_links":{"self":[{"href":"https:\/\/www.kusysuchan.pl\/index.php\/wp-json\/wp\/v2\/posts\/110","targetHints":{"allow":["GET"]}}],"collection":[{"href":"https:\/\/www.kusysuchan.pl\/index.php\/wp-json\/wp\/v2\/posts"}],"about":[{"href":"https:\/\/www.kusysuchan.pl\/index.php\/wp-json\/wp\/v2\/types\/post"}],"author":[{"embeddable":true,"href":"https:\/\/www.kusysuchan.pl\/index.php\/wp-json\/wp\/v2\/users\/1"}],"replies":[{"embeddable":true,"href":"https:\/\/www.kusysuchan.pl\/index.php\/wp-json\/wp\/v2\/comments?post=110"}],"version-history":[{"count":5,"href":"https:\/\/www.kusysuchan.pl\/index.php\/wp-json\/wp\/v2\/posts\/110\/revisions"}],"predecessor-version":[{"id":118,"href":"https:\/\/www.kusysuchan.pl\/index.php\/wp-json\/wp\/v2\/posts\/110\/revisions\/118"}],"wp:featuredmedia":[{"embeddable":true,"href":"https:\/\/www.kusysuchan.pl\/index.php\/wp-json\/wp\/v2\/media\/112"}],"wp:attachment":[{"href":"https:\/\/www.kusysuchan.pl\/index.php\/wp-json\/wp\/v2\/media?parent=110"}],"wp:term":[{"taxonomy":"category","embeddable":true,"href":"https:\/\/www.kusysuchan.pl\/index.php\/wp-json\/wp\/v2\/categories?post=110"},{"taxonomy":"post_tag","embeddable":true,"href":"https:\/\/www.kusysuchan.pl\/index.php\/wp-json\/wp\/v2\/tags?post=110"}],"curies":[{"name":"wp","href":"https:\/\/api.w.org\/{rel}","templated":true}]}}